{"id":989,"date":"2023-12-17T14:04:37","date_gmt":"2023-12-17T13:04:37","guid":{"rendered":"https:\/\/kirche-in-rieda.de\/?p=989"},"modified":"2023-12-20T14:12:34","modified_gmt":"2023-12-20T13:12:34","slug":"adventssingen-2023","status":"publish","type":"post","link":"https:\/\/kirche-in-rieda.de\/?p=989","title":{"rendered":"Riedaer Adventssingen"},"content":{"rendered":"<p>Unser allj\u00e4hrliches Adventssingen fand wieder vor dem 3. Advent auf der Kirchwiese statt. In der Kirche wurde Basteln f\u00fcr die Kinder angeboten. 9 Lieder wurden gesungen, 60 W\u00fcrste und 35 Teller Gulasch verspeist und 70 Kerzen gef\u00e4rbt.<\/p>\n<p><img loading=\"lazy\" decoding=\"async\" class=\"alignnone size-full wp-image-990\" src=\"https:\/\/kirche-in-rieda.de\/wp-content\/uploads\/2023\/12\/2023_Rieda-Advent1.jpg\" alt=\"\" width=\"800\" height=\"600\" srcset=\"https:\/\/kirche-in-rieda.de\/wp-content\/uploads\/2023\/12\/2023_Rieda-Advent1.jpg 800w, https:\/\/kirche-in-rieda.de\/wp-content\/uploads\/2023\/12\/2023_Rieda-Advent1-300x225.jpg 300w, https:\/\/kirche-in-rieda.de\/wp-content\/uploads\/2023\/12\/2023_Rieda-Advent1-768x576.jpg 768w, https:\/\/kirche-in-rieda.de\/wp-content\/uploads\/2023\/12\/2023_Rieda-Advent1-230x173.jpg 230w, https:\/\/kirche-in-rieda.de\/wp-content\/uploads\/2023\/12\/2023_Rieda-Advent1-350x263.jpg 350w, https:\/\/kirche-in-rieda.de\/wp-content\/uploads\/2023\/12\/2023_Rieda-Advent1-480x360.jpg 480w\" sizes=\"auto, (max-width: 800px) 100vw, 800px\" \/><\/p>\n<p><img loading=\"lazy\" decoding=\"async\" class=\"alignnone size-full wp-image-991\" src=\"https:\/\/kirche-in-rieda.de\/wp-content\/uploads\/2023\/12\/2023_Rieda-Advent2.jpg\" alt=\"\" width=\"800\" height=\"600\" srcset=\"https:\/\/kirche-in-rieda.de\/wp-content\/uploads\/2023\/12\/2023_Rieda-Advent2.jpg 800w, https:\/\/kirche-in-rieda.de\/wp-content\/uploads\/2023\/12\/2023_Rieda-Advent2-300x225.jpg 300w, https:\/\/kirche-in-rieda.de\/wp-content\/uploads\/2023\/12\/2023_Rieda-Advent2-768x576.jpg 768w, https:\/\/kirche-in-rieda.de\/wp-content\/uploads\/2023\/12\/2023_Rieda-Advent2-230x173.jpg 230w, https:\/\/kirche-in-rieda.de\/wp-content\/uploads\/2023\/12\/2023_Rieda-Advent2-350x263.jpg 350w, https:\/\/kirche-in-rieda.de\/wp-content\/uploads\/2023\/12\/2023_Rieda-Advent2-480x360.jpg 480w\" sizes=\"auto, (max-width: 800px) 100vw, 800px\" \/><\/p>\n","protected":false},"excerpt":{"rendered":"<p>Unser allj\u00e4hrliches Adventssingen fand wieder vor dem 3. Advent auf der Kirchwiese statt. In der Kirche wurde Basteln f\u00fcr die Kinder angeboten. [&hellip;]<\/p>\n","protected":false},"author":1,"featured_media":0,"comment_status":"open","ping_status":"open","sticky":false,"template":"","format":"standard","meta":{"footnotes":""},"categories":[1],"tags":[],"class_list":["post-989","post","type-post","status-publish","format-standard","hentry","category-uncategorized"],"_links":{"self":[{"href":"https:\/\/kirche-in-rieda.de\/index.php?rest_route=\/wp\/v2\/posts\/989","targetHints":{"allow":["GET"]}}],"collection":[{"href":"https:\/\/kirche-in-rieda.de\/index.php?rest_route=\/wp\/v2\/posts"}],"about":[{"href":"https:\/\/kirche-in-rieda.de\/index.php?rest_route=\/wp\/v2\/types\/post"}],"author":[{"embeddable":true,"href":"https:\/\/kirche-in-rieda.de\/index.php?rest_route=\/wp\/v2\/users\/1"}],"replies":[{"embeddable":true,"href":"https:\/\/kirche-in-rieda.de\/index.php?rest_route=%2Fwp%2Fv2%2Fcomments&post=989"}],"version-history":[{"count":2,"href":"https:\/\/kirche-in-rieda.de\/index.php?rest_route=\/wp\/v2\/posts\/989\/revisions"}],"predecessor-version":[{"id":993,"href":"https:\/\/kirche-in-rieda.de\/index.php?rest_route=\/wp\/v2\/posts\/989\/revisions\/993"}],"wp:attachment":[{"href":"https:\/\/kirche-in-rieda.de\/index.php?rest_route=%2Fwp%2Fv2%2Fmedia&parent=989"}],"wp:term":[{"taxonomy":"category","embeddable":true,"href":"https:\/\/kirche-in-rieda.de\/index.php?rest_route=%2Fwp%2Fv2%2Fcategories&post=989"},{"taxonomy":"post_tag","embeddable":true,"href":"https:\/\/kirche-in-rieda.de\/index.php?rest_route=%2Fwp%2Fv2%2Ftags&post=989"}],"curies":[{"name":"wp","href":"https:\/\/api.w.org\/{rel}","templated":true}]}}