{"id":852,"date":"2021-09-12T18:47:51","date_gmt":"2021-09-12T16:47:51","guid":{"rendered":"https:\/\/kirche-in-rieda.de\/?p=852"},"modified":"2021-09-22T09:36:32","modified_gmt":"2021-09-22T07:36:32","slug":"gottesdienst-und-offene-kirche","status":"publish","type":"post","link":"https:\/\/kirche-in-rieda.de\/?p=852","title":{"rendered":"Gottesdienst und offene Kirche"},"content":{"rendered":"<p>Diesen Sonntag haben wir 10 Uhr wieder mit einem regul\u00e4ren Gottesdienst gestartet und dann am Nachmittag aus Anlass des &#8218;Tag des offenen Denkmals&#8216; die Kirche ge\u00f6ffnet, Kaffee bereitgestellt und Bilder aus den zur\u00fcckliegenden Baujahren gezeigt. Schon der Gottesdienst war gut besucht und besonders dann am Nachmittag hat ein Gro\u00dfteil des Dorfes die Chance ergriffen, sich endlich mal wieder zu treffen und einfach Gemeinschaft zu feiern.<\/p>\n<p><img loading=\"lazy\" decoding=\"async\" class=\"alignnone size-full wp-image-854\" src=\"https:\/\/kirche-in-rieda.de\/wp-content\/uploads\/2021\/09\/2021_Rieda_TdoD1.jpg\" alt=\"\" width=\"800\" height=\"600\" srcset=\"https:\/\/kirche-in-rieda.de\/wp-content\/uploads\/2021\/09\/2021_Rieda_TdoD1.jpg 800w, https:\/\/kirche-in-rieda.de\/wp-content\/uploads\/2021\/09\/2021_Rieda_TdoD1-300x225.jpg 300w, https:\/\/kirche-in-rieda.de\/wp-content\/uploads\/2021\/09\/2021_Rieda_TdoD1-768x576.jpg 768w, https:\/\/kirche-in-rieda.de\/wp-content\/uploads\/2021\/09\/2021_Rieda_TdoD1-230x173.jpg 230w, https:\/\/kirche-in-rieda.de\/wp-content\/uploads\/2021\/09\/2021_Rieda_TdoD1-350x263.jpg 350w, https:\/\/kirche-in-rieda.de\/wp-content\/uploads\/2021\/09\/2021_Rieda_TdoD1-480x360.jpg 480w\" sizes=\"auto, (max-width: 800px) 100vw, 800px\" \/><\/p>\n","protected":false},"excerpt":{"rendered":"<p>Diesen Sonntag haben wir 10 Uhr wieder mit einem regul\u00e4ren Gottesdienst gestartet und dann am Nachmittag aus Anlass des &#8218;Tag des offenen [&hellip;]<\/p>\n","protected":false},"author":1,"featured_media":0,"comment_status":"open","ping_status":"open","sticky":false,"template":"","format":"standard","meta":{"footnotes":""},"categories":[1],"tags":[],"class_list":["post-852","post","type-post","status-publish","format-standard","hentry","category-uncategorized"],"_links":{"self":[{"href":"https:\/\/kirche-in-rieda.de\/index.php?rest_route=\/wp\/v2\/posts\/852","targetHints":{"allow":["GET"]}}],"collection":[{"href":"https:\/\/kirche-in-rieda.de\/index.php?rest_route=\/wp\/v2\/posts"}],"about":[{"href":"https:\/\/kirche-in-rieda.de\/index.php?rest_route=\/wp\/v2\/types\/post"}],"author":[{"embeddable":true,"href":"https:\/\/kirche-in-rieda.de\/index.php?rest_route=\/wp\/v2\/users\/1"}],"replies":[{"embeddable":true,"href":"https:\/\/kirche-in-rieda.de\/index.php?rest_route=%2Fwp%2Fv2%2Fcomments&post=852"}],"version-history":[{"count":1,"href":"https:\/\/kirche-in-rieda.de\/index.php?rest_route=\/wp\/v2\/posts\/852\/revisions"}],"predecessor-version":[{"id":855,"href":"https:\/\/kirche-in-rieda.de\/index.php?rest_route=\/wp\/v2\/posts\/852\/revisions\/855"}],"wp:attachment":[{"href":"https:\/\/kirche-in-rieda.de\/index.php?rest_route=%2Fwp%2Fv2%2Fmedia&parent=852"}],"wp:term":[{"taxonomy":"category","embeddable":true,"href":"https:\/\/kirche-in-rieda.de\/index.php?rest_route=%2Fwp%2Fv2%2Fcategories&post=852"},{"taxonomy":"post_tag","embeddable":true,"href":"https:\/\/kirche-in-rieda.de\/index.php?rest_route=%2Fwp%2Fv2%2Ftags&post=852"}],"curies":[{"name":"wp","href":"https:\/\/api.w.org\/{rel}","templated":true}]}}