{"id":743,"date":"2020-11-21T12:16:00","date_gmt":"2020-11-21T11:16:00","guid":{"rendered":"http:\/\/kirche-in-rieda.de\/?p=743"},"modified":"2020-12-21T21:21:46","modified_gmt":"2020-12-21T20:21:46","slug":"ein-fester-boden","status":"publish","type":"post","link":"https:\/\/kirche-in-rieda.de\/?p=743","title":{"rendered":"ein fester Boden"},"content":{"rendered":"<p>Es war eigentlich gar nicht mehr f\u00fcr dieses Jahr geplant, aber da wir doch ganz gut voran kamen, haben wir uns noch an den Unterbau f\u00fcr den Fu\u00dfboden machen k\u00f6nnen. Mit Glasschaumschotter zum Erdreich ged\u00e4mmt und mit einer Heizschleife f\u00fcr den sp\u00e4teren Anschluss einer Heizung versehen, ist jetzt der Estrich eingebracht. Ein fester Boden f\u00fcr die Kirche, so wie wir ihn mit dem Evangelium haben.<\/p>\n<p>Mit der Aktion l\u00e4utet f\u00fcr uns die allj\u00e4hrliche Winterbaupause ein. Der Estrich kann in aller Ruhe aush\u00e4rten und wir in aller Ruhe ausspannen.<\/p>\n<p>Euch allen eine gesegnete Weihnachtszeit und Zuversicht f\u00fcrs neue Jahr!<\/p>\n<p><img loading=\"lazy\" decoding=\"async\" class=\"alignnone size-full wp-image-744\" src=\"https:\/\/kirche-in-rieda.de\/wp-content\/uploads\/2020\/12\/Rieda_Estrich.jpg\" alt=\"\" width=\"600\" height=\"450\" srcset=\"https:\/\/kirche-in-rieda.de\/wp-content\/uploads\/2020\/12\/Rieda_Estrich.jpg 600w, https:\/\/kirche-in-rieda.de\/wp-content\/uploads\/2020\/12\/Rieda_Estrich-300x225.jpg 300w, https:\/\/kirche-in-rieda.de\/wp-content\/uploads\/2020\/12\/Rieda_Estrich-230x173.jpg 230w, https:\/\/kirche-in-rieda.de\/wp-content\/uploads\/2020\/12\/Rieda_Estrich-350x263.jpg 350w, https:\/\/kirche-in-rieda.de\/wp-content\/uploads\/2020\/12\/Rieda_Estrich-480x360.jpg 480w\" sizes=\"auto, (max-width: 600px) 100vw, 600px\" \/><\/p>\n","protected":false},"excerpt":{"rendered":"<p>Es war eigentlich gar nicht mehr f\u00fcr dieses Jahr geplant, aber da wir doch ganz gut voran kamen, haben wir uns noch [&hellip;]<\/p>\n","protected":false},"author":1,"featured_media":0,"comment_status":"open","ping_status":"open","sticky":false,"template":"","format":"standard","meta":{"footnotes":""},"categories":[1],"tags":[],"class_list":["post-743","post","type-post","status-publish","format-standard","hentry","category-uncategorized"],"_links":{"self":[{"href":"https:\/\/kirche-in-rieda.de\/index.php?rest_route=\/wp\/v2\/posts\/743","targetHints":{"allow":["GET"]}}],"collection":[{"href":"https:\/\/kirche-in-rieda.de\/index.php?rest_route=\/wp\/v2\/posts"}],"about":[{"href":"https:\/\/kirche-in-rieda.de\/index.php?rest_route=\/wp\/v2\/types\/post"}],"author":[{"embeddable":true,"href":"https:\/\/kirche-in-rieda.de\/index.php?rest_route=\/wp\/v2\/users\/1"}],"replies":[{"embeddable":true,"href":"https:\/\/kirche-in-rieda.de\/index.php?rest_route=%2Fwp%2Fv2%2Fcomments&post=743"}],"version-history":[{"count":3,"href":"https:\/\/kirche-in-rieda.de\/index.php?rest_route=\/wp\/v2\/posts\/743\/revisions"}],"predecessor-version":[{"id":760,"href":"https:\/\/kirche-in-rieda.de\/index.php?rest_route=\/wp\/v2\/posts\/743\/revisions\/760"}],"wp:attachment":[{"href":"https:\/\/kirche-in-rieda.de\/index.php?rest_route=%2Fwp%2Fv2%2Fmedia&parent=743"}],"wp:term":[{"taxonomy":"category","embeddable":true,"href":"https:\/\/kirche-in-rieda.de\/index.php?rest_route=%2Fwp%2Fv2%2Fcategories&post=743"},{"taxonomy":"post_tag","embeddable":true,"href":"https:\/\/kirche-in-rieda.de\/index.php?rest_route=%2Fwp%2Fv2%2Ftags&post=743"}],"curies":[{"name":"wp","href":"https:\/\/api.w.org\/{rel}","templated":true}]}}