{"id":713,"date":"2020-05-07T19:07:58","date_gmt":"2020-05-07T17:07:58","guid":{"rendered":"http:\/\/kirche-in-rieda.de\/?p=713"},"modified":"2020-05-26T15:29:21","modified_gmt":"2020-05-26T13:29:21","slug":"unsere-portaltuer-ist-da","status":"publish","type":"post","link":"https:\/\/kirche-in-rieda.de\/?p=713","title":{"rendered":"Unsere Portalt\u00fcr ist da!"},"content":{"rendered":"<p><span style=\"color: #333333;\">Von nun an l\u00e4dt unser Kirchent\u00fcr mit einem Motiv aus der Zach\u00e4us-Geschichte in dicker Eiche eingearbeitet die Besucher ein. Heute wurde sie eingebaut, ein wunderbar gearbeitetes, vollfl\u00e4chiges Relief des Leipziger K\u00fcnstlers Sebastian Pless auf einem grundsoliden Tischlerwerk <span class=\"\">von Maik Seidler, Tischlermeister aus R\u00f6tha und Detlev Noack, Restaurator im Tischlerhandwerk Leipzig<\/span>. Ein Werk f\u00fcr Jahrhunderte. M\u00f6gen doch viele ihre Einladung annehmen.<\/span><\/p>\n<p><img loading=\"lazy\" decoding=\"async\" class=\"alignnone size-full wp-image-714\" src=\"https:\/\/kirche-in-rieda.de\/wp-content\/uploads\/2020\/05\/20200507_Portalt\u00fcr.jpg\" alt=\"\" width=\"595\" height=\"800\" srcset=\"https:\/\/kirche-in-rieda.de\/wp-content\/uploads\/2020\/05\/20200507_Portalt\u00fcr.jpg 595w, https:\/\/kirche-in-rieda.de\/wp-content\/uploads\/2020\/05\/20200507_Portalt\u00fcr-223x300.jpg 223w, https:\/\/kirche-in-rieda.de\/wp-content\/uploads\/2020\/05\/20200507_Portalt\u00fcr-230x309.jpg 230w, https:\/\/kirche-in-rieda.de\/wp-content\/uploads\/2020\/05\/20200507_Portalt\u00fcr-350x471.jpg 350w, https:\/\/kirche-in-rieda.de\/wp-content\/uploads\/2020\/05\/20200507_Portalt\u00fcr-480x645.jpg 480w\" sizes=\"auto, (max-width: 595px) 100vw, 595px\" \/><\/p>\n\n\n<p>die k\u00fcnstlerische Gestaltung der Portalt\u00fcr wurde gef\u00f6rdert durch den M\u00fcnchner Verein Austellungshaus christliche Kunst e.V.<\/p>\n","protected":false},"excerpt":{"rendered":"<p>Von nun an l\u00e4dt unser Kirchent\u00fcr mit einem Motiv aus der Zach\u00e4us-Geschichte in dicker Eiche eingearbeitet die Besucher ein. Heute wurde sie [&hellip;]<\/p>\n","protected":false},"author":1,"featured_media":0,"comment_status":"open","ping_status":"open","sticky":false,"template":"","format":"standard","meta":{"footnotes":""},"categories":[1],"tags":[],"class_list":["post-713","post","type-post","status-publish","format-standard","hentry","category-uncategorized"],"_links":{"self":[{"href":"https:\/\/kirche-in-rieda.de\/index.php?rest_route=\/wp\/v2\/posts\/713","targetHints":{"allow":["GET"]}}],"collection":[{"href":"https:\/\/kirche-in-rieda.de\/index.php?rest_route=\/wp\/v2\/posts"}],"about":[{"href":"https:\/\/kirche-in-rieda.de\/index.php?rest_route=\/wp\/v2\/types\/post"}],"author":[{"embeddable":true,"href":"https:\/\/kirche-in-rieda.de\/index.php?rest_route=\/wp\/v2\/users\/1"}],"replies":[{"embeddable":true,"href":"https:\/\/kirche-in-rieda.de\/index.php?rest_route=%2Fwp%2Fv2%2Fcomments&post=713"}],"version-history":[{"count":4,"href":"https:\/\/kirche-in-rieda.de\/index.php?rest_route=\/wp\/v2\/posts\/713\/revisions"}],"predecessor-version":[{"id":719,"href":"https:\/\/kirche-in-rieda.de\/index.php?rest_route=\/wp\/v2\/posts\/713\/revisions\/719"}],"wp:attachment":[{"href":"https:\/\/kirche-in-rieda.de\/index.php?rest_route=%2Fwp%2Fv2%2Fmedia&parent=713"}],"wp:term":[{"taxonomy":"category","embeddable":true,"href":"https:\/\/kirche-in-rieda.de\/index.php?rest_route=%2Fwp%2Fv2%2Fcategories&post=713"},{"taxonomy":"post_tag","embeddable":true,"href":"https:\/\/kirche-in-rieda.de\/index.php?rest_route=%2Fwp%2Fv2%2Ftags&post=713"}],"curies":[{"name":"wp","href":"https:\/\/api.w.org\/{rel}","templated":true}]}}