{"id":702,"date":"2020-04-02T11:57:58","date_gmt":"2020-04-02T09:57:58","guid":{"rendered":"http:\/\/kirche-in-rieda.de\/?p=702"},"modified":"2020-04-09T11:58:19","modified_gmt":"2020-04-09T09:58:19","slug":"bauen-in-coronazeiten-geht-das","status":"publish","type":"post","link":"https:\/\/kirche-in-rieda.de\/?p=702","title":{"rendered":"Bauen in Coronazeiten &#8211; geht das?"},"content":{"rendered":"<p>Eigentlich sind unsere Baueins\u00e4tze gepr\u00e4gt durch Gemeinschaft: Leute vom Dorf treffen sich mit Leuten aus Halle oder auch anderen G\u00e4sten um gemeinsam zu bauen und sich auszutauschen. Das geht aus nachvollziehbaren Gr\u00fcnden zur Zeit nicht. Dennoch soll unsere Baustelle nicht ganz liegen bleiben, gerade f\u00fcr den Einbau der Fenster und T\u00fcren gibt es noch einiges vorzubereiten. Es gibt viele T\u00e4tigkeiten, die allein oder maximal zu weit durchf\u00fchren kann. Wer hier also Zeit und Kapazit\u00e4t hat, melde sich gern!<img loading=\"lazy\" decoding=\"async\" class=\"alignnone wp-image-704 size-full\" src=\"https:\/\/kirche-in-rieda.de\/wp-content\/uploads\/2020\/04\/bauen_allein.jpg\" alt=\"\" width=\"602\" height=\"400\" srcset=\"https:\/\/kirche-in-rieda.de\/wp-content\/uploads\/2020\/04\/bauen_allein.jpg 602w, https:\/\/kirche-in-rieda.de\/wp-content\/uploads\/2020\/04\/bauen_allein-300x199.jpg 300w, https:\/\/kirche-in-rieda.de\/wp-content\/uploads\/2020\/04\/bauen_allein-230x153.jpg 230w, https:\/\/kirche-in-rieda.de\/wp-content\/uploads\/2020\/04\/bauen_allein-350x233.jpg 350w, https:\/\/kirche-in-rieda.de\/wp-content\/uploads\/2020\/04\/bauen_allein-480x319.jpg 480w\" sizes=\"auto, (max-width: 602px) 100vw, 602px\" \/><\/p>\n","protected":false},"excerpt":{"rendered":"<p>Eigentlich sind unsere Baueins\u00e4tze gepr\u00e4gt durch Gemeinschaft: Leute vom Dorf treffen sich mit Leuten aus Halle oder auch anderen G\u00e4sten um gemeinsam [&hellip;]<\/p>\n","protected":false},"author":1,"featured_media":0,"comment_status":"open","ping_status":"open","sticky":false,"template":"","format":"standard","meta":{"footnotes":""},"categories":[1],"tags":[],"class_list":["post-702","post","type-post","status-publish","format-standard","hentry","category-uncategorized"],"_links":{"self":[{"href":"https:\/\/kirche-in-rieda.de\/index.php?rest_route=\/wp\/v2\/posts\/702","targetHints":{"allow":["GET"]}}],"collection":[{"href":"https:\/\/kirche-in-rieda.de\/index.php?rest_route=\/wp\/v2\/posts"}],"about":[{"href":"https:\/\/kirche-in-rieda.de\/index.php?rest_route=\/wp\/v2\/types\/post"}],"author":[{"embeddable":true,"href":"https:\/\/kirche-in-rieda.de\/index.php?rest_route=\/wp\/v2\/users\/1"}],"replies":[{"embeddable":true,"href":"https:\/\/kirche-in-rieda.de\/index.php?rest_route=%2Fwp%2Fv2%2Fcomments&post=702"}],"version-history":[{"count":2,"href":"https:\/\/kirche-in-rieda.de\/index.php?rest_route=\/wp\/v2\/posts\/702\/revisions"}],"predecessor-version":[{"id":705,"href":"https:\/\/kirche-in-rieda.de\/index.php?rest_route=\/wp\/v2\/posts\/702\/revisions\/705"}],"wp:attachment":[{"href":"https:\/\/kirche-in-rieda.de\/index.php?rest_route=%2Fwp%2Fv2%2Fmedia&parent=702"}],"wp:term":[{"taxonomy":"category","embeddable":true,"href":"https:\/\/kirche-in-rieda.de\/index.php?rest_route=%2Fwp%2Fv2%2Fcategories&post=702"},{"taxonomy":"post_tag","embeddable":true,"href":"https:\/\/kirche-in-rieda.de\/index.php?rest_route=%2Fwp%2Fv2%2Ftags&post=702"}],"curies":[{"name":"wp","href":"https:\/\/api.w.org\/{rel}","templated":true}]}}