{"id":609,"date":"2018-08-17T18:45:10","date_gmt":"2018-08-17T16:45:10","guid":{"rendered":"http:\/\/kirche-in-rieda.de\/?p=609"},"modified":"2018-08-28T12:46:09","modified_gmt":"2018-08-28T10:46:09","slug":"fensterworkshop","status":"publish","type":"post","link":"https:\/\/kirche-in-rieda.de\/?p=609","title":{"rendered":"Fensterworkshop"},"content":{"rendered":"<p>Das Landesamt f\u00fcr Denkmalpflege aus Halle hat gemeinsam mit den Schneemelcher Glaswerkst\u00e4tten aus Quedlinburg einen K\u00fcnstlerworkshop zur Gestaltung der Riedaer Kirchenfenster organisiert. Ausgerichtet war der Workshop auf K\u00fcnstler, die sich ganz neu auf die Glaskunst einlassen wollten. \u00dcber die letzten Monate entstanden so 5 verschiende Entw\u00fcrfe von denen jeweils das mittlere Apsisfenster als echtes Musterfenster umgesetzt wurde. Heute nun wurden diese Fenster nacheinander in der Kirche eingebaut, vorgestellt und durch eine Jury bewertet.<\/p>\n<p>Herzlichen Dank allen Beteiligten!<\/p>\n<p><img loading=\"lazy\" decoding=\"async\" class=\"alignnone wp-image-610 size-full\" src=\"https:\/\/kirche-in-rieda.de\/wp-content\/uploads\/2018\/08\/2018_Fensterworkshop_Rieda.jpg\" alt=\"\" width=\"900\" height=\"577\" srcset=\"https:\/\/kirche-in-rieda.de\/wp-content\/uploads\/2018\/08\/2018_Fensterworkshop_Rieda.jpg 900w, https:\/\/kirche-in-rieda.de\/wp-content\/uploads\/2018\/08\/2018_Fensterworkshop_Rieda-300x192.jpg 300w, https:\/\/kirche-in-rieda.de\/wp-content\/uploads\/2018\/08\/2018_Fensterworkshop_Rieda-768x492.jpg 768w, https:\/\/kirche-in-rieda.de\/wp-content\/uploads\/2018\/08\/2018_Fensterworkshop_Rieda-830x532.jpg 830w, https:\/\/kirche-in-rieda.de\/wp-content\/uploads\/2018\/08\/2018_Fensterworkshop_Rieda-230x147.jpg 230w, https:\/\/kirche-in-rieda.de\/wp-content\/uploads\/2018\/08\/2018_Fensterworkshop_Rieda-350x224.jpg 350w, https:\/\/kirche-in-rieda.de\/wp-content\/uploads\/2018\/08\/2018_Fensterworkshop_Rieda-480x308.jpg 480w\" sizes=\"auto, (max-width: 900px) 100vw, 900px\" \/><\/p>\n<p><img loading=\"lazy\" decoding=\"async\" class=\"alignnone size-full wp-image-611\" src=\"https:\/\/kirche-in-rieda.de\/wp-content\/uploads\/2018\/08\/Auswahl_Apsisfenster_Rieda.jpg\" alt=\"\" width=\"900\" height=\"432\" srcset=\"https:\/\/kirche-in-rieda.de\/wp-content\/uploads\/2018\/08\/Auswahl_Apsisfenster_Rieda.jpg 900w, https:\/\/kirche-in-rieda.de\/wp-content\/uploads\/2018\/08\/Auswahl_Apsisfenster_Rieda-300x144.jpg 300w, https:\/\/kirche-in-rieda.de\/wp-content\/uploads\/2018\/08\/Auswahl_Apsisfenster_Rieda-768x369.jpg 768w, https:\/\/kirche-in-rieda.de\/wp-content\/uploads\/2018\/08\/Auswahl_Apsisfenster_Rieda-830x398.jpg 830w, https:\/\/kirche-in-rieda.de\/wp-content\/uploads\/2018\/08\/Auswahl_Apsisfenster_Rieda-230x110.jpg 230w, https:\/\/kirche-in-rieda.de\/wp-content\/uploads\/2018\/08\/Auswahl_Apsisfenster_Rieda-350x168.jpg 350w, https:\/\/kirche-in-rieda.de\/wp-content\/uploads\/2018\/08\/Auswahl_Apsisfenster_Rieda-480x230.jpg 480w\" sizes=\"auto, (max-width: 900px) 100vw, 900px\" \/><\/p>\n","protected":false},"excerpt":{"rendered":"<p>Das Landesamt f\u00fcr Denkmalpflege aus Halle hat gemeinsam mit den Schneemelcher Glaswerkst\u00e4tten aus Quedlinburg einen K\u00fcnstlerworkshop zur Gestaltung der Riedaer Kirchenfenster organisiert. [&hellip;]<\/p>\n","protected":false},"author":1,"featured_media":0,"comment_status":"open","ping_status":"open","sticky":false,"template":"","format":"standard","meta":{"footnotes":""},"categories":[1],"tags":[],"class_list":["post-609","post","type-post","status-publish","format-standard","hentry","category-uncategorized"],"_links":{"self":[{"href":"https:\/\/kirche-in-rieda.de\/index.php?rest_route=\/wp\/v2\/posts\/609","targetHints":{"allow":["GET"]}}],"collection":[{"href":"https:\/\/kirche-in-rieda.de\/index.php?rest_route=\/wp\/v2\/posts"}],"about":[{"href":"https:\/\/kirche-in-rieda.de\/index.php?rest_route=\/wp\/v2\/types\/post"}],"author":[{"embeddable":true,"href":"https:\/\/kirche-in-rieda.de\/index.php?rest_route=\/wp\/v2\/users\/1"}],"replies":[{"embeddable":true,"href":"https:\/\/kirche-in-rieda.de\/index.php?rest_route=%2Fwp%2Fv2%2Fcomments&post=609"}],"version-history":[{"count":1,"href":"https:\/\/kirche-in-rieda.de\/index.php?rest_route=\/wp\/v2\/posts\/609\/revisions"}],"predecessor-version":[{"id":612,"href":"https:\/\/kirche-in-rieda.de\/index.php?rest_route=\/wp\/v2\/posts\/609\/revisions\/612"}],"wp:attachment":[{"href":"https:\/\/kirche-in-rieda.de\/index.php?rest_route=%2Fwp%2Fv2%2Fmedia&parent=609"}],"wp:term":[{"taxonomy":"category","embeddable":true,"href":"https:\/\/kirche-in-rieda.de\/index.php?rest_route=%2Fwp%2Fv2%2Fcategories&post=609"},{"taxonomy":"post_tag","embeddable":true,"href":"https:\/\/kirche-in-rieda.de\/index.php?rest_route=%2Fwp%2Fv2%2Ftags&post=609"}],"curies":[{"name":"wp","href":"https:\/\/api.w.org\/{rel}","templated":true}]}}