{"id":535,"date":"2017-11-28T13:57:48","date_gmt":"2017-11-28T12:57:48","guid":{"rendered":"http:\/\/kirche-in-rieda.de\/?p=535"},"modified":"2017-12-13T14:00:38","modified_gmt":"2017-12-13T13:00:38","slug":"das-dach-ist-eingedeckt","status":"publish","type":"post","link":"https:\/\/kirche-in-rieda.de\/?p=535","title":{"rendered":"Das Dach ist eingedeckt!"},"content":{"rendered":"<p>Ab diesem Winter muss nun Schnee und Regen wieder drau\u00dfen bleiben und das Geb\u00e4ude kann nun langsam wieder austrocknen.<\/p>\n<p>Die herausfordernden Fledermausgauben wurden von den Handwerkern meisterhaft umgesetzt. Sie geben dem Geb\u00e4ude einen ganz eigenen Charakter und uns die M\u00f6glichkeit, den gro\u00dfem Dachraum sp\u00e4ter auch zu nutzen.<\/p>\n<p><img loading=\"lazy\" decoding=\"async\" class=\"alignnone size-full wp-image-536\" src=\"https:\/\/kirche-in-rieda.de\/wp-content\/uploads\/2017\/12\/rieda_dach_fertig.jpg\" alt=\"\" width=\"816\" height=\"586\" srcset=\"https:\/\/kirche-in-rieda.de\/wp-content\/uploads\/2017\/12\/rieda_dach_fertig.jpg 816w, https:\/\/kirche-in-rieda.de\/wp-content\/uploads\/2017\/12\/rieda_dach_fertig-300x215.jpg 300w, https:\/\/kirche-in-rieda.de\/wp-content\/uploads\/2017\/12\/rieda_dach_fertig-768x552.jpg 768w, https:\/\/kirche-in-rieda.de\/wp-content\/uploads\/2017\/12\/rieda_dach_fertig-230x165.jpg 230w, https:\/\/kirche-in-rieda.de\/wp-content\/uploads\/2017\/12\/rieda_dach_fertig-350x251.jpg 350w, https:\/\/kirche-in-rieda.de\/wp-content\/uploads\/2017\/12\/rieda_dach_fertig-480x345.jpg 480w\" sizes=\"auto, (max-width: 816px) 100vw, 816px\" \/><\/p>\n","protected":false},"excerpt":{"rendered":"<p>Ab diesem Winter muss nun Schnee und Regen wieder drau\u00dfen bleiben und das Geb\u00e4ude kann nun langsam wieder austrocknen. Die herausfordernden Fledermausgauben [&hellip;]<\/p>\n","protected":false},"author":1,"featured_media":0,"comment_status":"open","ping_status":"open","sticky":false,"template":"","format":"standard","meta":{"footnotes":""},"categories":[1],"tags":[],"class_list":["post-535","post","type-post","status-publish","format-standard","hentry","category-uncategorized"],"_links":{"self":[{"href":"https:\/\/kirche-in-rieda.de\/index.php?rest_route=\/wp\/v2\/posts\/535","targetHints":{"allow":["GET"]}}],"collection":[{"href":"https:\/\/kirche-in-rieda.de\/index.php?rest_route=\/wp\/v2\/posts"}],"about":[{"href":"https:\/\/kirche-in-rieda.de\/index.php?rest_route=\/wp\/v2\/types\/post"}],"author":[{"embeddable":true,"href":"https:\/\/kirche-in-rieda.de\/index.php?rest_route=\/wp\/v2\/users\/1"}],"replies":[{"embeddable":true,"href":"https:\/\/kirche-in-rieda.de\/index.php?rest_route=%2Fwp%2Fv2%2Fcomments&post=535"}],"version-history":[{"count":3,"href":"https:\/\/kirche-in-rieda.de\/index.php?rest_route=\/wp\/v2\/posts\/535\/revisions"}],"predecessor-version":[{"id":539,"href":"https:\/\/kirche-in-rieda.de\/index.php?rest_route=\/wp\/v2\/posts\/535\/revisions\/539"}],"wp:attachment":[{"href":"https:\/\/kirche-in-rieda.de\/index.php?rest_route=%2Fwp%2Fv2%2Fmedia&parent=535"}],"wp:term":[{"taxonomy":"category","embeddable":true,"href":"https:\/\/kirche-in-rieda.de\/index.php?rest_route=%2Fwp%2Fv2%2Fcategories&post=535"},{"taxonomy":"post_tag","embeddable":true,"href":"https:\/\/kirche-in-rieda.de\/index.php?rest_route=%2Fwp%2Fv2%2Ftags&post=535"}],"curies":[{"name":"wp","href":"https:\/\/api.w.org\/{rel}","templated":true}]}}