{"id":507,"date":"2017-09-15T11:32:35","date_gmt":"2017-09-15T09:32:35","guid":{"rendered":"http:\/\/kirche-in-rieda.de\/?p=507"},"modified":"2017-09-21T11:33:25","modified_gmt":"2017-09-21T09:33:25","slug":"richtfest","status":"publish","type":"post","link":"https:\/\/kirche-in-rieda.de\/?p=507","title":{"rendered":"Richtfest"},"content":{"rendered":"<p>Wir k\u00f6nnen selber nur dankbar dar\u00fcber staunen, dass diese Etappe nun erreicht ist. Als wir vor zweieinhalb Jahren anfingen, waren wir nicht einmal eine Hand voll Leute und die Finanzierung war v\u00f6llig offen, wir hatten lediglich die Vision und den Glauben, dass hier wieder geistliches und kulturelles Leben erwachen wird. Mit der Zeit haben sich immer mehr Menschen dazugestellt, ob bei den Wochenendbaueins\u00e4tzen oder als finanzielle Unterst\u00fctzer. Vielen Dank an alle, die sich hier beteiligen und vor allem an unseren Bauherrn im Himmel.<\/p>\n<p><img loading=\"lazy\" decoding=\"async\" class=\"alignnone size-full wp-image-508\" src=\"https:\/\/kirche-in-rieda.de\/wp-content\/uploads\/2017\/09\/richtfest_rieda.jpg\" alt=\"\" width=\"599\" height=\"800\" srcset=\"https:\/\/kirche-in-rieda.de\/wp-content\/uploads\/2017\/09\/richtfest_rieda.jpg 599w, https:\/\/kirche-in-rieda.de\/wp-content\/uploads\/2017\/09\/richtfest_rieda-225x300.jpg 225w, https:\/\/kirche-in-rieda.de\/wp-content\/uploads\/2017\/09\/richtfest_rieda-230x307.jpg 230w, https:\/\/kirche-in-rieda.de\/wp-content\/uploads\/2017\/09\/richtfest_rieda-350x467.jpg 350w, https:\/\/kirche-in-rieda.de\/wp-content\/uploads\/2017\/09\/richtfest_rieda-480x641.jpg 480w\" sizes=\"auto, (max-width: 599px) 100vw, 599px\" \/><\/p>\n<p>Der Dachstuhl ist \u00fcbrigens ein originalgetreuer Nachbau des urspr\u00fcnglichen H\u00e4ngewerkes, aufgebaut bei Sturm und Regen durch die Zimmerei Holzritter aus Halle\/Saale.<\/p>\n","protected":false},"excerpt":{"rendered":"<p>Wir k\u00f6nnen selber nur dankbar dar\u00fcber staunen, dass diese Etappe nun erreicht ist. Als wir vor zweieinhalb Jahren anfingen, waren wir nicht [&hellip;]<\/p>\n","protected":false},"author":1,"featured_media":0,"comment_status":"open","ping_status":"open","sticky":false,"template":"","format":"standard","meta":{"footnotes":""},"categories":[1],"tags":[],"class_list":["post-507","post","type-post","status-publish","format-standard","hentry","category-uncategorized"],"_links":{"self":[{"href":"https:\/\/kirche-in-rieda.de\/index.php?rest_route=\/wp\/v2\/posts\/507","targetHints":{"allow":["GET"]}}],"collection":[{"href":"https:\/\/kirche-in-rieda.de\/index.php?rest_route=\/wp\/v2\/posts"}],"about":[{"href":"https:\/\/kirche-in-rieda.de\/index.php?rest_route=\/wp\/v2\/types\/post"}],"author":[{"embeddable":true,"href":"https:\/\/kirche-in-rieda.de\/index.php?rest_route=\/wp\/v2\/users\/1"}],"replies":[{"embeddable":true,"href":"https:\/\/kirche-in-rieda.de\/index.php?rest_route=%2Fwp%2Fv2%2Fcomments&post=507"}],"version-history":[{"count":1,"href":"https:\/\/kirche-in-rieda.de\/index.php?rest_route=\/wp\/v2\/posts\/507\/revisions"}],"predecessor-version":[{"id":509,"href":"https:\/\/kirche-in-rieda.de\/index.php?rest_route=\/wp\/v2\/posts\/507\/revisions\/509"}],"wp:attachment":[{"href":"https:\/\/kirche-in-rieda.de\/index.php?rest_route=%2Fwp%2Fv2%2Fmedia&parent=507"}],"wp:term":[{"taxonomy":"category","embeddable":true,"href":"https:\/\/kirche-in-rieda.de\/index.php?rest_route=%2Fwp%2Fv2%2Fcategories&post=507"},{"taxonomy":"post_tag","embeddable":true,"href":"https:\/\/kirche-in-rieda.de\/index.php?rest_route=%2Fwp%2Fv2%2Ftags&post=507"}],"curies":[{"name":"wp","href":"https:\/\/api.w.org\/{rel}","templated":true}]}}