{"id":482,"date":"2017-06-16T12:51:30","date_gmt":"2017-06-16T10:51:30","guid":{"rendered":"http:\/\/kirche-in-rieda.de\/?p=482"},"modified":"2017-07-02T12:52:07","modified_gmt":"2017-07-02T10:52:07","slug":"das-kirchenschiff-ist-eingeruestet","status":"publish","type":"post","link":"https:\/\/kirche-in-rieda.de\/?p=482","title":{"rendered":"das Kirchenschiff ist einger\u00fcstet"},"content":{"rendered":"<p>Das Kirchenschiff ist jetzt einger\u00fcstet und das Ger\u00fcst bleibt stehen bis ein Dach drauf ist. Auch wenn noch nicht alle Finanzen beisammen sind, glauben wir doch dass dies in dem n\u00e4chsten halben Jahr geschehen wird.<\/p>\n<p><img loading=\"lazy\" decoding=\"async\" class=\"alignnone wp-image-484\" src=\"https:\/\/kirche-in-rieda.de\/wp-content\/uploads\/2017\/07\/IMG_5276.jpg\" alt=\"\" width=\"626\" height=\"470\" srcset=\"https:\/\/kirche-in-rieda.de\/wp-content\/uploads\/2017\/07\/IMG_5276.jpg 816w, https:\/\/kirche-in-rieda.de\/wp-content\/uploads\/2017\/07\/IMG_5276-300x225.jpg 300w, https:\/\/kirche-in-rieda.de\/wp-content\/uploads\/2017\/07\/IMG_5276-768x576.jpg 768w, https:\/\/kirche-in-rieda.de\/wp-content\/uploads\/2017\/07\/IMG_5276-230x173.jpg 230w, https:\/\/kirche-in-rieda.de\/wp-content\/uploads\/2017\/07\/IMG_5276-350x263.jpg 350w, https:\/\/kirche-in-rieda.de\/wp-content\/uploads\/2017\/07\/IMG_5276-480x360.jpg 480w\" sizes=\"auto, (max-width: 626px) 100vw, 626px\" \/><\/p>\n","protected":false},"excerpt":{"rendered":"<p>Das Kirchenschiff ist jetzt einger\u00fcstet und das Ger\u00fcst bleibt stehen bis ein Dach drauf ist. Auch wenn noch nicht alle Finanzen beisammen [&hellip;]<\/p>\n","protected":false},"author":1,"featured_media":0,"comment_status":"open","ping_status":"open","sticky":false,"template":"","format":"standard","meta":{"footnotes":""},"categories":[1],"tags":[],"class_list":["post-482","post","type-post","status-publish","format-standard","hentry","category-uncategorized"],"_links":{"self":[{"href":"https:\/\/kirche-in-rieda.de\/index.php?rest_route=\/wp\/v2\/posts\/482","targetHints":{"allow":["GET"]}}],"collection":[{"href":"https:\/\/kirche-in-rieda.de\/index.php?rest_route=\/wp\/v2\/posts"}],"about":[{"href":"https:\/\/kirche-in-rieda.de\/index.php?rest_route=\/wp\/v2\/types\/post"}],"author":[{"embeddable":true,"href":"https:\/\/kirche-in-rieda.de\/index.php?rest_route=\/wp\/v2\/users\/1"}],"replies":[{"embeddable":true,"href":"https:\/\/kirche-in-rieda.de\/index.php?rest_route=%2Fwp%2Fv2%2Fcomments&post=482"}],"version-history":[{"count":2,"href":"https:\/\/kirche-in-rieda.de\/index.php?rest_route=\/wp\/v2\/posts\/482\/revisions"}],"predecessor-version":[{"id":485,"href":"https:\/\/kirche-in-rieda.de\/index.php?rest_route=\/wp\/v2\/posts\/482\/revisions\/485"}],"wp:attachment":[{"href":"https:\/\/kirche-in-rieda.de\/index.php?rest_route=%2Fwp%2Fv2%2Fmedia&parent=482"}],"wp:term":[{"taxonomy":"category","embeddable":true,"href":"https:\/\/kirche-in-rieda.de\/index.php?rest_route=%2Fwp%2Fv2%2Fcategories&post=482"},{"taxonomy":"post_tag","embeddable":true,"href":"https:\/\/kirche-in-rieda.de\/index.php?rest_route=%2Fwp%2Fv2%2Ftags&post=482"}],"curies":[{"name":"wp","href":"https:\/\/api.w.org\/{rel}","templated":true}]}}