{"id":1018,"date":"2024-08-25T14:23:19","date_gmt":"2024-08-25T12:23:19","guid":{"rendered":"https:\/\/kirche-in-rieda.de\/?p=1018"},"modified":"2024-08-28T14:28:45","modified_gmt":"2024-08-28T12:28:45","slug":"taufgottesdienst","status":"publish","type":"post","link":"https:\/\/kirche-in-rieda.de\/?p=1018","title":{"rendered":"Taufgottesdienst"},"content":{"rendered":"<p>unser noch junger Gemeindestandort entwickelt sich: heute lie\u00dfen sich drei Leute taufen. Nach einem kurzen Gottesdienst in der Kirche sind wir mit knapp 50 G\u00e4sten f\u00fcr die Taufe an einen nahegelegenen See gefahren. Nach der Taufe gab es Abendmahl und Picknickzeit.<\/p>\n<p><img loading=\"lazy\" decoding=\"async\" class=\"alignnone size-full wp-image-1019\" src=\"https:\/\/kirche-in-rieda.de\/wp-content\/uploads\/2024\/08\/2024_Rieda_Taufe.jpg\" alt=\"\" width=\"800\" height=\"469\" srcset=\"https:\/\/kirche-in-rieda.de\/wp-content\/uploads\/2024\/08\/2024_Rieda_Taufe.jpg 800w, https:\/\/kirche-in-rieda.de\/wp-content\/uploads\/2024\/08\/2024_Rieda_Taufe-300x176.jpg 300w, https:\/\/kirche-in-rieda.de\/wp-content\/uploads\/2024\/08\/2024_Rieda_Taufe-768x450.jpg 768w, https:\/\/kirche-in-rieda.de\/wp-content\/uploads\/2024\/08\/2024_Rieda_Taufe-230x135.jpg 230w, https:\/\/kirche-in-rieda.de\/wp-content\/uploads\/2024\/08\/2024_Rieda_Taufe-350x205.jpg 350w, https:\/\/kirche-in-rieda.de\/wp-content\/uploads\/2024\/08\/2024_Rieda_Taufe-480x281.jpg 480w\" sizes=\"auto, (max-width: 800px) 100vw, 800px\" \/><\/p>\n","protected":false},"excerpt":{"rendered":"<p>unser noch junger Gemeindestandort entwickelt sich: heute lie\u00dfen sich drei Leute taufen. Nach einem kurzen Gottesdienst in der Kirche sind wir mit [&hellip;]<\/p>\n","protected":false},"author":1,"featured_media":0,"comment_status":"open","ping_status":"open","sticky":false,"template":"","format":"standard","meta":{"footnotes":""},"categories":[1],"tags":[],"class_list":["post-1018","post","type-post","status-publish","format-standard","hentry","category-uncategorized"],"_links":{"self":[{"href":"https:\/\/kirche-in-rieda.de\/index.php?rest_route=\/wp\/v2\/posts\/1018","targetHints":{"allow":["GET"]}}],"collection":[{"href":"https:\/\/kirche-in-rieda.de\/index.php?rest_route=\/wp\/v2\/posts"}],"about":[{"href":"https:\/\/kirche-in-rieda.de\/index.php?rest_route=\/wp\/v2\/types\/post"}],"author":[{"embeddable":true,"href":"https:\/\/kirche-in-rieda.de\/index.php?rest_route=\/wp\/v2\/users\/1"}],"replies":[{"embeddable":true,"href":"https:\/\/kirche-in-rieda.de\/index.php?rest_route=%2Fwp%2Fv2%2Fcomments&post=1018"}],"version-history":[{"count":1,"href":"https:\/\/kirche-in-rieda.de\/index.php?rest_route=\/wp\/v2\/posts\/1018\/revisions"}],"predecessor-version":[{"id":1020,"href":"https:\/\/kirche-in-rieda.de\/index.php?rest_route=\/wp\/v2\/posts\/1018\/revisions\/1020"}],"wp:attachment":[{"href":"https:\/\/kirche-in-rieda.de\/index.php?rest_route=%2Fwp%2Fv2%2Fmedia&parent=1018"}],"wp:term":[{"taxonomy":"category","embeddable":true,"href":"https:\/\/kirche-in-rieda.de\/index.php?rest_route=%2Fwp%2Fv2%2Fcategories&post=1018"},{"taxonomy":"post_tag","embeddable":true,"href":"https:\/\/kirche-in-rieda.de\/index.php?rest_route=%2Fwp%2Fv2%2Ftags&post=1018"}],"curies":[{"name":"wp","href":"https:\/\/api.w.org\/{rel}","templated":true}]}}